{"id":14306,"date":"2026-04-29T16:15:37","date_gmt":"2026-04-29T14:15:37","guid":{"rendered":"https:\/\/www.almacube.com\/?p=14306"},"modified":"2026-04-29T16:15:39","modified_gmt":"2026-04-29T14:15:39","slug":"fondazione-golinelli-entra-in-almacube","status":"publish","type":"post","link":"https:\/\/www.almacube.com\/en\/fondazione-golinelli-entra-in-almacube\/","title":{"rendered":"Fondazione Golinelli entra in Almacube!"},"content":{"rendered":"\n<p>Il settore degli incubatori e dell\u2019innovazione in Italia sta attraversando una fase di evoluzione, negli ultimi anni il numero di incubatori attivi si \u00e8 ridotto, mentre cresce il peso delle realt\u00e0 pi\u00f9 strutturate e specializzate, capaci di accompagnare le startup lungo tutto il percorso di sviluppo. Questo cambiamento segnala che la contrazione \u00e8 maturazione, non crisi.<\/p>\n\n\n\n<p>\u00c8 in questa direzione in cui si inserisce l\u2019<strong>ingresso di <a href=\"https:\/\/www.linkedin.com\/company\/fondazione-golinelli\/\" data-type=\"link\" data-id=\"https:\/\/www.linkedin.com\/company\/fondazione-golinelli\/\">Fondazione Golinelli<\/a> nella compagine societaria di Almacube<\/strong>, l\u2019innovation hub promosso dall\u2019Universit\u00e0 di Bologna e da <a href=\"https:\/\/www.linkedin.com\/company\/confindustriaemilia\/\" data-type=\"link\" data-id=\"https:\/\/www.linkedin.com\/company\/confindustriaemilia\/\">Confindustria Emilia Area Centro<\/a>. L\u2019operazione <strong>rafforza la capacit\u00e0 di supportare startup e spin-off lungo tutto il percorso imprenditoriale<\/strong>, dalla ricerca all\u2019ingresso sul mercato.<\/p>\n\n\n\n<p>L\u2019integrazione porta in Almacube le competenze e il network di G-Factor, incubatore-acceleratore di Fondazione Golinelli specializzato in life science, digital health e tecnologie emergenti, un passo che consolida un modello basato sulla complementarit\u00e0 tra ricerca accademica, sistema industriale e accelerazione.<\/p>\n\n\n\n<p>A livello regionale, questa evoluzione rafforza il ruolo di Almacube come punto di riferimento per lo sviluppo dell\u2019imprenditorialit\u00e0 deep-tech in Emilia-Romagna con l\u2019obiettivo di costruire un ecosistema sempre pi\u00f9 capace di attrarre talenti, capitali e progetti innovativi, allineandosi alle traiettorie europee dell\u2019innovazione.<\/p>\n\n\n\n<p>Per startup e spin-off, il cambiamento \u00e8 concreto: nasce un percorso continuo, che <strong>unisce le attivit\u00e0 di incubazione e open innovation di Almacube con l\u2019esperienza di accelerazione e validazione industriale di G-Factor<\/strong>. Dalla nascita dell\u2019idea fino allo sviluppo sul mercato, le imprese innovative possono oggi contare su un sistema integrato, con accesso a competenze, infrastrutture e network.<\/p>\n\n\n\n<p><strong>Le voci dell\u2019ecosistema:<\/strong><\/p>\n\n\n\n<p>\u00abCon l&#8217;ingresso di Fondazione Golinelli diamo continuit\u00e0 a un percorso strategico che punta a fare di Almacube un riferimento per l&#8217;innovazione, in Emilia-Romagna e nel panorama nazionale. Mettiamo a sistema competenze di alto valore e un modello capace di accompagnare l\u2019innovazione in tutte le sue fasi. La governance che costruiamo oggi \u00e8 pensata per crescere ancora: con le universit\u00e0 e centri di ricerca del territorio, con le imprese e con i nuovi attori che vorranno farne parte.\u00bb <strong><em><a href=\"https:\/\/www.linkedin.com\/in\/laura-toschi-70b7393\/\" data-type=\"link\" data-id=\"https:\/\/www.linkedin.com\/in\/laura-toschi-70b7393\/\">Laura Toschi<\/a><\/em><\/strong><em>,<\/em><strong><em> Presidente Almacube; Professoressa Associata di Imprenditorialit\u00e0 e Innovazione, <a href=\"https:\/\/www.linkedin.com\/school\/unibo\/posts\/?feedView=all\" data-type=\"link\" data-id=\"https:\/\/www.linkedin.com\/school\/unibo\/posts\/?feedView=all\">Universit\u00e0 di Bologna<\/a>.<\/em><\/strong><\/p>\n\n\n\n<p><br>\u00abEntrare in Almacube rappresenta per Fondazione Golinelli l\u2019evoluzione coerente di un percorso avviato quasi quindici anni fa, che ci ha portato a costruire un ecosistema in cui innovazione, formazione, tecnologia e impresa dialogano insieme. \u00c8 una scelta che tiene insieme storia e visione: gi\u00e0 nel 2012 si ipotizzava questo passo, ma i tempi non erano maturi. Oggi crediamo che l\u2019innovazione d\u2019impatto nasca solo in ecosistemi maturi, con massa critica e capaci di superare la frammentazione\u00bb <strong><em>Andrea Zanotti, Presidente Fondazione Golinelli.<\/em><\/strong><\/p>\n\n\n\n<p>\u00abCon G-Factor, negli ultimi sei anni, abbiamo valutato oltre 1.300 progetti, investito in 24 startup e accelerato 60 realt\u00e0, collaborando con pi\u00f9 di 150 partner nazionali e internazionali. Questa operazione unisce team e network, rafforzando \u2013 in una logica pubblico-privata \u2013 le relazioni tra universit\u00e0, investitori, imprese, amministrazioni e centri per l\u2019innovazione. Intercetta e anticipa la direzione del settore: sta nascendo un ecosistema maturo e integrato, pronto a diventare uno dei principali punti di riferimento a livello nazionale e non solo\u00bb <strong><em><a href=\"https:\/\/www.linkedin.com\/in\/antonio-danieli-59a8106\/\" data-type=\"link\" data-id=\"https:\/\/www.linkedin.com\/in\/antonio-danieli-59a8106\/\">Antonio Danieli<\/a>, Direttore Generale Fondazione Golinelli<\/em><\/strong><em> e <\/em><strong><em>Amministratore unico di G-Factor<\/em><\/strong><em>.<\/em><\/p>\n\n\n\n<p>\u00abNegli ultimi anni l\u2019Universit\u00e0 di Bologna ha consolidato un ecosistema imprenditoriale sempre pi\u00f9 strutturato, in cui ricerca, formazione e trasferimento tecnologico dialogano in modo sistematico. L&#8217;Alma Mater offre terreno fertile e occasioni preziose per trasformare l&#8217;attivit\u00e0 di studio e di ricerca in valore imprenditoriale: abbiamo oggi 62 societ\u00e0 accreditate, tra spin-off e startup studentesche, di cui 35 sono state accreditate negli ultimi cinque anni. Se la nascita di nuove iniziative \u00e8 ormai un processo consolidato, la sfida si sposta quindi sempre pi\u00f9 sulla crescita. Per questo, l&#8217;ingresso di Fondazione Golinelli, con l\u2019acceleratore G-Factor, nella compagine societaria di Almacube \u00e8 un nuovo importante passo avanti nel fondamentale percorso di collegamento tra il mondo accademico e quello imprenditoriale\u00bb, <strong><em>Giovanni Molari \u2014 Magnifico Rettore, Alma Mater Studiorum \u2013 Universit\u00e0 di Bologna.<\/em><\/strong><\/p>\n\n\n\n<p>\u00abL\u2019ingresso di Fondazione Golinelli in Almacube rappresenta un passaggio strategico di grande valore per il rafforzamento dell\u2019ecosistema dell\u2019innovazione del nostro territorio. Mettiamo a sistema competenze complementari &#8211; ricerca, impresa e cultura scientifica &#8211; costruendo una piattaforma ancora pi\u00f9 solida per accompagnare la nascita e la crescita di startup ad alto contenuto tecnologico. Come Confindustria Emilia crediamo fortemente in modelli di collaborazione strutturata come questo, capaci di generare massa critica, attrarre talenti e creare connessioni concrete tra mondo produttivo e ricerca. \u00c8 cos\u00ec che si alimenta la competitivit\u00e0: trasformando l\u2019innovazione in un processo condiviso e continuo, al servizio dello sviluppo delle imprese e del territorio\u00bb<em>, <\/em><strong><em><a href=\"https:\/\/www.linkedin.com\/in\/tiziana-ferrari-8992a917\/\" data-type=\"link\" data-id=\"https:\/\/www.linkedin.com\/in\/tiziana-ferrari-8992a917\/\">Tiziana Ferrari<\/a><\/em><\/strong><em>, <\/em><strong><em>Direttore Generale di Confindustria Emilia Area Centro. <\/em><\/strong>\u00abL\u2019ingresso in Almacube della Fondazione Golinelli va nella direzione tracciata da questa Regione: rafforzare il nostro ecosistema dell\u2019innovazione facendo economie di scala, consolidando competenze e rendendo il nostro territorio sempre pi\u00f9 attrattivo sui talenti, sulle imprese, sugli investitori. La specializzazione che la Fondazione Golinelli porta in dote va ad arricchire ulteriormente gli ambiti applicativi in campo scientifico e tecnologico, ampliando cos\u00ec il ventaglio di opportunit\u00e0 per accompagnare lo sviluppo di spinoff e startup. Una collaborazione fra pubblico e privato d\u2019eccellenza, dunque, che si pone al servizio dell\u2019innovazione e modello nazionale capace di avere forza e struttura per fare alleanze e competere anche a livello europeo e intercontinentale\u00bb, <strong><em><a href=\"https:\/\/www.linkedin.com\/in\/vincenzo-colla-3b4812214\/\" data-type=\"link\" data-id=\"https:\/\/www.linkedin.com\/in\/vincenzo-colla-3b4812214\/\">Vincenzo Colla<\/a>\u00a0\u2014\u00a0Vicepresidente <a href=\"https:\/\/www.linkedin.com\/company\/regione-emilia-romagna\/\" data-type=\"link\" data-id=\"https:\/\/www.linkedin.com\/company\/regione-emilia-romagna\/\">Regione Emilia-Romagna<\/a>; Assessore allo Sviluppo economico, Green economy, Universit\u00e0 e Ricerca.<\/em><\/strong><\/p>\n\n\n\n<p><\/p>\n","protected":false},"excerpt":{"rendered":"<p>Il settore degli incubatori e dell\u2019innovazione in Italia sta attraversando una fase di evoluzione, negli ultimi anni il numero di incubatori attivi si \u00e8 ridotto, mentre cresce il peso delle realt\u00e0 pi\u00f9 strutturate e specializzate, capaci di accompagnare le startup lungo tutto il percorso di sviluppo. Questo cambiamento segnala che la contrazione \u00e8 maturazione, non [&hellip;]<\/p>\n","protected":false},"author":9,"featured_media":0,"comment_status":"open","ping_status":"closed","sticky":false,"template":"","format":"standard","meta":{"_acf_changed":false,"wds_primary_category":1,"footnotes":""},"categories":[1],"tags":[],"class_list":["post-14306","post","type-post","status-publish","format-standard","hentry","category-uncategorized"],"acf":[],"_links":{"self":[{"href":"https:\/\/www.almacube.com\/en\/wp-json\/wp\/v2\/posts\/14306","targetHints":{"allow":["GET"]}}],"collection":[{"href":"https:\/\/www.almacube.com\/en\/wp-json\/wp\/v2\/posts"}],"about":[{"href":"https:\/\/www.almacube.com\/en\/wp-json\/wp\/v2\/types\/post"}],"author":[{"embeddable":true,"href":"https:\/\/www.almacube.com\/en\/wp-json\/wp\/v2\/users\/9"}],"replies":[{"embeddable":true,"href":"https:\/\/www.almacube.com\/en\/wp-json\/wp\/v2\/comments?post=14306"}],"version-history":[{"count":0,"href":"https:\/\/www.almacube.com\/en\/wp-json\/wp\/v2\/posts\/14306\/revisions"}],"wp:attachment":[{"href":"https:\/\/www.almacube.com\/en\/wp-json\/wp\/v2\/media?parent=14306"}],"wp:term":[{"taxonomy":"category","embeddable":true,"href":"https:\/\/www.almacube.com\/en\/wp-json\/wp\/v2\/categories?post=14306"},{"taxonomy":"post_tag","embeddable":true,"href":"https:\/\/www.almacube.com\/en\/wp-json\/wp\/v2\/tags?post=14306"}],"curies":[{"name":"wp","href":"https:\/\/api.w.org\/{rel}","templated":true}]}}